[{"@context":"https:\/\/schema.org\/","@type":"Article","@id":"https:\/\/www.sanimont.cz\/vase-kapsa-vas-umi-ochranit\/#Article","mainEntityOfPage":"https:\/\/www.sanimont.cz\/vase-kapsa-vas-umi-ochranit\/","headline":"Va\u0161e kapsa v\u00e1s um\u00ed ochr\u00e1nit","name":"Va\u0161e kapsa v\u00e1s um\u00ed ochr\u00e1nit","description":"M\u00e1te doma \u010dty\u0159noh\u00e9ho mil\u00e1\u010dka, a a\u010dkoliv je s n\u00edm spousta radosti, tak\u00e9 vy\u017eaduje mnoho p\u00e9\u010de. Je t\u0159eba jej n\u011bkolikr\u00e1t denn\u011b vyven\u010dit, a to bohu\u017eel i v dob\u011b, kdy...","datePublished":"2017-09-08","dateModified":"2023-05-31","author":{"@type":"Person","@id":"https:\/\/www.sanimont.cz\/author\/#Person","name":"","url":"https:\/\/www.sanimont.cz\/author\/","identifier":1,"image":{"@type":"ImageObject","@id":"https:\/\/secure.gravatar.com\/avatar\/9994033610bfa8d5c75e7c2dd1b5bdd54900f4ed2e7e5c6722d4887246e31af4?s=96&d=mm&r=g","url":"https:\/\/secure.gravatar.com\/avatar\/9994033610bfa8d5c75e7c2dd1b5bdd54900f4ed2e7e5c6722d4887246e31af4?s=96&d=mm&r=g","height":96,"width":96}},"publisher":{"@type":"Organization","name":"sanimont.cz","logo":{"@type":"ImageObject","@id":"\/logo.png","url":"\/logo.png","width":600,"height":60}},"image":{"@type":"ImageObject","@id":"https:\/\/www.sanimont.cz\/wp-content\/uploads\/img_a298908_w2394_t1509087687.jpg","url":"https:\/\/www.sanimont.cz\/wp-content\/uploads\/img_a298908_w2394_t1509087687.jpg","height":0,"width":0},"url":"https:\/\/www.sanimont.cz\/vase-kapsa-vas-umi-ochranit\/","about":["Vztahy"],"wordCount":410,"articleBody":"  M\u00e1te doma \u010dty\u0159noh\u00e9ho mil\u00e1\u010dka, a a\u010dkoliv je s n\u00edm spousta radosti, tak\u00e9 vy\u017eaduje mnoho p\u00e9\u010de. Je t\u0159eba jej n\u011bkolikr\u00e1t denn\u011b vyven\u010dit, a to bohu\u017eel i v dob\u011b, kdy venku nen\u00ed t\u00e9m\u011b\u0159 nic vid\u011bt. V\u00e1\u0161 d\u016fm je stranou od ru\u0161n\u00fdch ulic, a a\u010dkoliv se v\u00e1m bydlen\u00ed v klidn\u00e9 \u010dtvrti velmi l\u00edb\u00ed, ve ve\u010dern\u00edch hodin\u00e1ch m\u016f\u017ee b\u00fdt proch\u00e1zka venku nep\u0159\u00edjemn\u00e1 a nebezpe\u010dn\u00e1. U\u017e nikdy necho\u010fte ven bez aktivn\u00edho ochr\u00e1nce, kter\u00fd se schov\u00e1 do va\u0161\u00ed kapsy. Paralyz\u00e9ry mohou vypadat zcela nen\u00e1padn\u011b, t\u0159eba jako de\u0161tn\u00edk, nebo sv\u00edtilna. Jeho mimo\u0159\u00e1dn\u00e9 schopnosti jsou v\u0161ak k nezaplacen\u00ed. Na ve\u010dern\u00ed proch\u00e1zku se psem se u\u017e nemus\u00edte ob\u00e1vat, ani v obdob\u00ed podzimu a zimy, kdy se stm\u00edv\u00e1 u\u017e ve velmi brzk\u00fdch hodin\u00e1ch. Sta\u010d\u00ed jeden pohyb a kdokoliv by si na v\u00e1s cht\u011bl troufnout, nem\u00e1 sebemen\u0161\u00ed \u0161anci.Bezpe\u010dn\u011b a leg\u00e1ln\u011b Pou\u017eit\u00ed paralyz\u00e9r\u016f je u n\u00e1s zcela leg\u00e1ln\u00ed a m\u016f\u017eete si jej bez obav po\u0159\u00eddit pro svou vlastn\u00ed ochranu. Jeho jednoduch\u00e9 pou\u017eit\u00ed zaru\u010d\u00ed, \u017ee budete schopni zareagovat i v moment\u011b velk\u00e9ho strachu a leknut\u00ed. Moment p\u0159ekvapen\u00ed je to, co pou\u017e\u00edvaj\u00ed proti \u00fato\u010dn\u00edk\u016fm. Jejich do\u010dasn\u00e9 ochromen\u00ed je dostate\u010dn\u00e9 na tolik, abyste se mohli rychle p\u0159esunout do bezpe\u010d\u00ed a p\u0159ivolat hl\u00eddku m\u011bstsk\u00e9 policie. Zbra\u0148 \u00fato\u010dn\u00edka pouze do\u010dasn\u011b ochrom\u00ed a nemus\u00edte se ob\u00e1vat, \u017ee byste jej jakkoliv ohrozili na \u017eivot\u011b nebo na zdrav\u00ed. P\u0159i spr\u00e1vn\u00e9m pou\u017e\u00edv\u00e1n\u00ed se nemus\u00edte ni\u010deho b\u00e1t.Uka\u017ete, \u017ee v\u00e1m na bezpe\u010d\u00ed z\u00e1le\u017e\u00ed V\u00e1no\u010dn\u00ed sv\u00e1tky u\u017e se p\u0159ibli\u017euj\u00ed a vy ur\u010dit\u011b zase p\u0159em\u00fd\u0161l\u00edte, \u010d\u00edm obdarovat sv\u00e9 bl\u00edzk\u00e9. Drobn\u00fd pomocn\u00edk na vlastn\u00ed ochranu a pro pocit bezpe\u010d\u00ed je rozhodn\u011b velmi vhodn\u00fdm d\u00e1rkem. Uk\u00e1\u017ee, \u017ee m\u00e1te starost o va\u0161e p\u0159\u00edbuzn\u00e9 a \u010dleny rodiny. Letos nebudou rozbalovat pod strome\u010dkem jen oby\u010dejn\u00fd de\u0161tn\u00edk, nebo oby\u010dejnou baterku. Rozbal\u00ed de\u0161tn\u00edk, \u010di baterku, kter\u00e1 je dok\u00e1\u017ee ochr\u00e1nit p\u0159i ve\u010dern\u00edch proch\u00e1zk\u00e1ch. Vyberte si konkr\u00e9tn\u00ed model proveden\u00ed co nejd\u0159\u00edve!                                                                                                                                                                                                                                                                                                                                                                                         4.5\/5 - (13 votes)        "},{"@context":"https:\/\/schema.org\/","@type":"BreadcrumbList","itemListElement":[{"@type":"ListItem","position":1,"name":"Va\u0161e kapsa v\u00e1s um\u00ed ochr\u00e1nit","item":"https:\/\/www.sanimont.cz\/vase-kapsa-vas-umi-ochranit\/#breadcrumbitem"}]}]